{"id":2977,"date":"2025-09-08T18:02:56","date_gmt":"2025-09-08T16:02:56","guid":{"rendered":"https:\/\/cellersabate.com\/nous-commencons-a-commercialiser-notre-premier-vin-de-terroir-plantadeta-seleccio-2019\/"},"modified":"2025-10-24T19:14:07","modified_gmt":"2025-10-24T17:14:07","slug":"nous-commencons-commercialiser-notre-premier-vin-de-terroir-plantadeta-seleccio-2019","status":"publish","type":"post","link":"https:\/\/cellersabate.com\/fr\/nous-commencons-commercialiser-notre-premier-vin-de-terroir-plantadeta-seleccio-2019\/","title":{"rendered":"Nous commen\u00e7ons \u00e0 commercialiser notre premier vin de terroir : Plantadeta Selecci\u00f3 2019."},"content":{"rendered":"\n<p>Chez <em>Celler Sabat\u00e9,<\/em> nous vivons un moment tr\u00e8s sp\u00e9cial : nous lan\u00e7ons sur le march\u00e9 notre premier<strong> vin de terroir<\/strong> dans l&rsquo;appellation d&rsquo;origine contr\u00f4l\u00e9e PRIORAT, <strong>le Plantadeta Selecci\u00f3 2019<\/strong>. Un vin issu d&rsquo;un coin tr\u00e8s pr\u00e9cis de notre domaine, avec une personnalit\u00e9 unique et une \u00e2me qui lui est propre. <\/p>\n\n<p>Mais que signifie \u00ab\u00a0vin de terroir\u00a0\u00bb (Vi de Paratge) ? Il s&rsquo;agit d&rsquo;une cat\u00e9gorie reconnue au sein de l&rsquo;AOC Priorat qui met en avant les vins \u00e9labor\u00e9s \u00e0 partir de raisins provenant d&rsquo;un <g id=\"gid_0\">terroir unique<\/g>, pr\u00e9sentant des caract\u00e9ristiques g\u00e9ologiques, climatiques et viticoles sp\u00e9cifiques. En d&rsquo;autres termes, des vins qui expriment <strong>l&rsquo;identit\u00e9 d&rsquo;un lieu tr\u00e8s pr\u00e9cis<\/strong>, comme si ce bout de terre s&rsquo;exprimait \u00e0 travers chaque verre.  <\/p>\n\n<p>Notre<strong> Plantadeta Selecci\u00f3 2019<\/strong> provient des vignes les plus s\u00e9lectionn\u00e9es du domaine<em> La Plantadeta<\/em>, cultiv\u00e9es sur des coteaux et des terrasses de licorella qui concentrent tout le caract\u00e8re du Priorat. Le r\u00e9sultat est un vin \u00e9l\u00e9gant, complexe et profond, qui invite \u00e0 \u00eatre d\u00e9gust\u00e9 tranquillement. <\/p>\n\n<p>Disponible d\u00e8s maintenant dans notre boutique et chez nos distributeurs habituels.<\/p>\n\n<p><\/p>\n","protected":false},"excerpt":{"rendered":"<p>Chez Celler Sabat\u00e9, nous vivons un moment tr\u00e8s sp\u00e9cial : nous lan\u00e7ons sur le march\u00e9 notre premier vin de terroir dans l&rsquo;appellation d&rsquo;origine contr\u00f4l\u00e9e PRIORAT, le Plantadeta Selecci\u00f3 2019. Un vin issu d&rsquo;un coin tr\u00e8s pr\u00e9cis de notre domaine, avec une personnalit\u00e9 unique et une \u00e2me qui lui est propre. Mais que signifie \u00ab\u00a0vin de [&hellip;]<\/p>\n","protected":false},"author":2,"featured_media":3736,"comment_status":"open","ping_status":"closed","sticky":false,"template":"","format":"standard","meta":{"footnotes":""},"categories":[113],"tags":[],"class_list":["post-2977","post","type-post","status-publish","format-standard","has-post-thumbnail","hentry","category-actualite-de-la-cave"],"_links":{"self":[{"href":"https:\/\/cellersabate.com\/fr\/wp-json\/wp\/v2\/posts\/2977","targetHints":{"allow":["GET"]}}],"collection":[{"href":"https:\/\/cellersabate.com\/fr\/wp-json\/wp\/v2\/posts"}],"about":[{"href":"https:\/\/cellersabate.com\/fr\/wp-json\/wp\/v2\/types\/post"}],"author":[{"embeddable":true,"href":"https:\/\/cellersabate.com\/fr\/wp-json\/wp\/v2\/users\/2"}],"replies":[{"embeddable":true,"href":"https:\/\/cellersabate.com\/fr\/wp-json\/wp\/v2\/comments?post=2977"}],"version-history":[{"count":2,"href":"https:\/\/cellersabate.com\/fr\/wp-json\/wp\/v2\/posts\/2977\/revisions"}],"predecessor-version":[{"id":3753,"href":"https:\/\/cellersabate.com\/fr\/wp-json\/wp\/v2\/posts\/2977\/revisions\/3753"}],"wp:featuredmedia":[{"embeddable":true,"href":"https:\/\/cellersabate.com\/fr\/wp-json\/wp\/v2\/media\/3736"}],"wp:attachment":[{"href":"https:\/\/cellersabate.com\/fr\/wp-json\/wp\/v2\/media?parent=2977"}],"wp:term":[{"taxonomy":"category","embeddable":true,"href":"https:\/\/cellersabate.com\/fr\/wp-json\/wp\/v2\/categories?post=2977"},{"taxonomy":"post_tag","embeddable":true,"href":"https:\/\/cellersabate.com\/fr\/wp-json\/wp\/v2\/tags?post=2977"}],"curies":[{"name":"wp","href":"https:\/\/api.w.org\/{rel}","templated":true}]}}