{"id":3693,"date":"2013-02-02T16:57:00","date_gmt":"2013-02-02T15:57:00","guid":{"rendered":"https:\/\/cellersabate.com\/petals-de-garnatxa-nou-rosat-celler-sabate\/"},"modified":"2025-11-09T18:44:01","modified_gmt":"2025-11-09T17:44:01","slug":"petals-de-garnatxa-nou-rosat-celler-sabate","status":"publish","type":"post","link":"https:\/\/cellersabate.com\/ca\/petals-de-garnatxa-nou-rosat-celler-sabate\/","title":{"rendered":"P\u00e8tals de Garnatxa, el nou rosat de Celler Sabat\u00e9"},"content":{"rendered":"\n<p>Vam comen\u00e7ar amb el nostre vi rosat el 2004, i ara, hem volgut donar-li una nova imatge. El nou rosat de Celler Sabat\u00e9 ja \u00e9s al mercat. <em>P\u00e8tals de Garnatxa<\/em>, \u00e9s un vi rosat de Garnatxa Negra del Priorat que mostra la cara m\u00e9s nova del celler: fresc, divertit i gol\u00f3s, per\u00f2 amb tota l&#8217;\u00e0nima de la Finca la Plantadeta. <\/p>\n\n<p><em>P\u00e8tals de Garnatxa<\/em> neix de les garnatges plantades a les parts m\u00e9s altes de la Finca La Plantadeta \u2013la finca principal de Celler Sabat\u00e9, amb s\u00f2ls de pissarra i argila i d&#8217;uns 60 anys, aproximadament.<\/p>\n\n<p>Es tracta d&#8217;un vi rosat de color rosa maduixa, al nas ens presenta aromes de flors blanques, poma i fruites vermelles madures. A la boca \u00e9s fresc i divertit, ens deixa aromes de mandarina, pr\u00e9ssec i maduixa, gol\u00f3s i amb una bona acidesa. <\/p>\n\n<p>Us ho recomanem!<\/p>\n\n<p><\/p>\n","protected":false},"excerpt":{"rendered":"<p>Vam comen\u00e7ar amb el nostre vi rosat el 2004, i ara, hem volgut donar-li una nova imatge. El nou rosat de Celler Sabat\u00e9 ja \u00e9s al mercat. P\u00e8tals de Garnatxa, \u00e9s un vi rosat de Garnatxa Negra del Priorat que mostra la cara m\u00e9s nova del celler: fresc, divertit i gol\u00f3s, per\u00f2 amb tota l&#8217;\u00e0nima [&hellip;]<\/p>\n","protected":false},"author":2,"featured_media":3686,"comment_status":"open","ping_status":"closed","sticky":false,"template":"","format":"standard","meta":{"footnotes":""},"categories":[114],"tags":[],"class_list":["post-3693","post","type-post","status-publish","format-standard","has-post-thumbnail","hentry","category-actualitat"],"_links":{"self":[{"href":"https:\/\/cellersabate.com\/ca\/wp-json\/wp\/v2\/posts\/3693","targetHints":{"allow":["GET"]}}],"collection":[{"href":"https:\/\/cellersabate.com\/ca\/wp-json\/wp\/v2\/posts"}],"about":[{"href":"https:\/\/cellersabate.com\/ca\/wp-json\/wp\/v2\/types\/post"}],"author":[{"embeddable":true,"href":"https:\/\/cellersabate.com\/ca\/wp-json\/wp\/v2\/users\/2"}],"replies":[{"embeddable":true,"href":"https:\/\/cellersabate.com\/ca\/wp-json\/wp\/v2\/comments?post=3693"}],"version-history":[{"count":1,"href":"https:\/\/cellersabate.com\/ca\/wp-json\/wp\/v2\/posts\/3693\/revisions"}],"predecessor-version":[{"id":3694,"href":"https:\/\/cellersabate.com\/ca\/wp-json\/wp\/v2\/posts\/3693\/revisions\/3694"}],"wp:featuredmedia":[{"embeddable":true,"href":"https:\/\/cellersabate.com\/ca\/wp-json\/wp\/v2\/media\/3686"}],"wp:attachment":[{"href":"https:\/\/cellersabate.com\/ca\/wp-json\/wp\/v2\/media?parent=3693"}],"wp:term":[{"taxonomy":"category","embeddable":true,"href":"https:\/\/cellersabate.com\/ca\/wp-json\/wp\/v2\/categories?post=3693"},{"taxonomy":"post_tag","embeddable":true,"href":"https:\/\/cellersabate.com\/ca\/wp-json\/wp\/v2\/tags?post=3693"}],"curies":[{"name":"wp","href":"https:\/\/api.w.org\/{rel}","templated":true}]}}