{"id":3658,"date":"2025-07-30T10:28:38","date_gmt":"2025-07-30T08:28:38","guid":{"rendered":"https:\/\/cellersabate.com\/nova-etiqueta-plantadeta-blanc\/"},"modified":"2025-10-24T19:15:22","modified_gmt":"2025-10-24T17:15:22","slug":"nova-etiqueta-plantadeta-blanc","status":"publish","type":"post","link":"https:\/\/cellersabate.com\/ca\/nova-etiqueta-plantadeta-blanc\/","title":{"rendered":"Redisseny d&#8217;etiqueta al Plantadeta Blanc 2024"},"content":{"rendered":"\n<p>Creiem que els nostres vins expliquen hist\u00f2ries, per aix\u00f2, al vi <strong>Plantadeta Blanc 2024<\/strong> hem fet un nou disseny d&#8217;etiqueta, que no \u00e9s nom\u00e9s un canvi est\u00e8tic: \u00e9s un homenatge a les nostres arrels.<\/p>\n\n<p>Hem apostat per una l\u00ednia <strong>m\u00e9s simple, elegant i aut\u00e8ntica<\/strong>, que reflecteixi el que aquest vi representa: puresa, frescor i connexi\u00f3 amb la terra. La nova imatge destaca una il\u00b7lustraci\u00f3 que ens va acompanyar a les nostres primeres etiquetes: <strong>la masia que s&#8217;al\u00e7a enmig de la finca<\/strong>, un s\u00edmbol personal del nostre celler, que ha acompanyat les quatre generacions de viticultors i que ara torna al centre de la nostra imatge. <\/p>\n\n<p>Amb aquest redisseny, busquem <strong>transmetre l&#8217;\u00e0nima del vi des del primer cop d&#8217;ull<\/strong>: neteja visual, tipografia s\u00f2bria i un toc de fresc que convida a descobrir el que hi ha dins de l&#8217;ampolla, com sempre a la nostra l\u00ednia de vins principal a l&#8217;etiqueta es mostra la quantitat d&#8217;ampolles embotellades.<\/p>\n\n<p>El <strong>Plantadeta Blanc 2024<\/strong> \u00e9s un homenatge al besavi, avi i al meu pare. Perqu\u00e8 a vegades, per seguir avan\u00e7ant, cal mirar cap enrere i abra\u00e7ar el que sempre hi ha estat, les vinyes de Garnatxa Blanca que amb tant d&#8217;esfor\u00e7 van plantar. <\/p>\n\n<p>Us convidem a descobrir-lo.<\/p>\n\n<p><\/p>\n","protected":false},"excerpt":{"rendered":"<p>Creiem que els nostres vins expliquen hist\u00f2ries, per aix\u00f2, al vi Plantadeta Blanc 2024 hem fet un nou disseny d&#8217;etiqueta, que no \u00e9s nom\u00e9s un canvi est\u00e8tic: \u00e9s un homenatge a les nostres arrels. Hem apostat per una l\u00ednia m\u00e9s simple, elegant i aut\u00e8ntica, que reflecteixi el que aquest vi representa: puresa, frescor i connexi\u00f3 [&hellip;]<\/p>\n","protected":false},"author":1,"featured_media":2700,"comment_status":"open","ping_status":"closed","sticky":false,"template":"","format":"standard","meta":{"footnotes":""},"categories":[114],"tags":[120],"class_list":["post-3658","post","type-post","status-publish","format-standard","has-post-thumbnail","hentry","category-actualitat","tag-top"],"_links":{"self":[{"href":"https:\/\/cellersabate.com\/ca\/wp-json\/wp\/v2\/posts\/3658","targetHints":{"allow":["GET"]}}],"collection":[{"href":"https:\/\/cellersabate.com\/ca\/wp-json\/wp\/v2\/posts"}],"about":[{"href":"https:\/\/cellersabate.com\/ca\/wp-json\/wp\/v2\/types\/post"}],"author":[{"embeddable":true,"href":"https:\/\/cellersabate.com\/ca\/wp-json\/wp\/v2\/users\/1"}],"replies":[{"embeddable":true,"href":"https:\/\/cellersabate.com\/ca\/wp-json\/wp\/v2\/comments?post=3658"}],"version-history":[{"count":1,"href":"https:\/\/cellersabate.com\/ca\/wp-json\/wp\/v2\/posts\/3658\/revisions"}],"predecessor-version":[{"id":3757,"href":"https:\/\/cellersabate.com\/ca\/wp-json\/wp\/v2\/posts\/3658\/revisions\/3757"}],"wp:featuredmedia":[{"embeddable":true,"href":"https:\/\/cellersabate.com\/ca\/wp-json\/wp\/v2\/media\/2700"}],"wp:attachment":[{"href":"https:\/\/cellersabate.com\/ca\/wp-json\/wp\/v2\/media?parent=3658"}],"wp:term":[{"taxonomy":"category","embeddable":true,"href":"https:\/\/cellersabate.com\/ca\/wp-json\/wp\/v2\/categories?post=3658"},{"taxonomy":"post_tag","embeddable":true,"href":"https:\/\/cellersabate.com\/ca\/wp-json\/wp\/v2\/tags?post=3658"}],"curies":[{"name":"wp","href":"https:\/\/api.w.org\/{rel}","templated":true}]}}