{"id":3652,"date":"2025-09-02T15:57:51","date_gmt":"2025-09-02T13:57:51","guid":{"rendered":"https:\/\/cellersabate.com\/dos-nous-vins-a-la-collita-2022-carinyenes-i-tenalles-de-fang\/"},"modified":"2025-11-09T18:39:08","modified_gmt":"2025-11-09T17:39:08","slug":"dos-nous-vins-a-la-collita-2022-carinyenes-i-amfores-de-fang","status":"publish","type":"post","link":"https:\/\/cellersabate.com\/ca\/dos-nous-vins-a-la-collita-2022-carinyenes-i-amfores-de-fang\/","title":{"rendered":"Dos nous vins a la collita 2022, carinyenes i \u00e0mfores de fang"},"content":{"rendered":"\n<p>Al Celler Sabat\u00e9, la collita 2022 ens va deixar molt m\u00e9s que un bon any vitivin\u00edcola: aquell any van n\u00e9ixer dos m\u00e9s a la fam\u00edlia i tamb\u00e9 dos vins molt especials, nascuts de la passi\u00f3, la hist\u00f2ria&#8230; i una mica de casualitat.<\/p>\n\n<p><strong>dos vins molt especials<\/strong>, elaborats amb carinyena i criats en \u00e0mfores de fang.<\/p>\n\n<p>El primer, que vam anomenar <strong>&#8220;Plantadeta 1909&#8221;<\/strong>, \u00e9s un homenatge a les nostres arrels. Est\u00e0 elaborat exclusivament amb ra\u00efm de <g id=\"gid_1\">les carinyenes m\u00e9s velles de la finca<\/g>, plantades l&#8217;any 1909 pel meu besavi. Per a aquest vi vam voler fer quelcom especial: vam encarregar fabricar una <g id=\"gid_2\">\u00e0mfora de fang expressament per a aquest vi<\/g>, buscant una crian\u00e7a que respect\u00e9s l&#8217;ess\u00e8ncia de la fruita i aport\u00e9s la textura de la carinyena sense interfer\u00e8ncies. El resultat \u00e9s un vi profund, auster i elegant, que parla del car\u00e0cter del s\u00f2l i del pas del temps.   <br\/><br\/>Un vi que nom\u00e9s elaborarem en les millors collites i quan des del celler considerem que estan \u00f2ptimes per mostrar el seu potencial, a la primera anyada tan sols 186 ampolles d&#8217;aquest vi magn\u00edfic: Plantadeta 1909 Vi de Paratge<\/p>\n\n<p><br\/>El segon vi va n\u00e9ixer gaireb\u00e9 per atzar en adquirir una <strong>segona \u00e0mfora de fang<\/strong> de 500l. De moment sense un dest\u00ed definit, i amb la garnatxa ja en b\u00f3tes, vam decidir omplir-la tamb\u00e9 amb carinyena de vinya vella.  <br\/>Va acabar sent una grata sorpresa: un vi vibrant, expressiu i molt pur, que revela una altra cara de la varietat, m\u00e9s fresca i espont\u00e0nia.<\/p>\n\n<p>Ambd\u00f3s vins comparteixen la mateixa filosofia: m\u00ednima intervenci\u00f3, respecte absolut per la mat\u00e8ria primera i el desig d&#8217;embotellar l&#8217;autenticitat del Priorat amb cada collita.<\/p>\n\n<p><\/p>\n","protected":false},"excerpt":{"rendered":"<p>Us donem la benvinguda a WordPress. Aquesta \u00e9s la vostra primera entrada. Editeu-la o esborreu-la, i despr\u00e9s comenceu a escriure!  <\/p>\n","protected":false},"author":1,"featured_media":2979,"comment_status":"open","ping_status":"closed","sticky":false,"template":"","format":"standard","meta":{"footnotes":""},"categories":[114],"tags":[],"class_list":["post-3652","post","type-post","status-publish","format-standard","has-post-thumbnail","hentry","category-actualitat"],"_links":{"self":[{"href":"https:\/\/cellersabate.com\/ca\/wp-json\/wp\/v2\/posts\/3652","targetHints":{"allow":["GET"]}}],"collection":[{"href":"https:\/\/cellersabate.com\/ca\/wp-json\/wp\/v2\/posts"}],"about":[{"href":"https:\/\/cellersabate.com\/ca\/wp-json\/wp\/v2\/types\/post"}],"author":[{"embeddable":true,"href":"https:\/\/cellersabate.com\/ca\/wp-json\/wp\/v2\/users\/1"}],"replies":[{"embeddable":true,"href":"https:\/\/cellersabate.com\/ca\/wp-json\/wp\/v2\/comments?post=3652"}],"version-history":[{"count":3,"href":"https:\/\/cellersabate.com\/ca\/wp-json\/wp\/v2\/posts\/3652\/revisions"}],"predecessor-version":[{"id":3820,"href":"https:\/\/cellersabate.com\/ca\/wp-json\/wp\/v2\/posts\/3652\/revisions\/3820"}],"wp:featuredmedia":[{"embeddable":true,"href":"https:\/\/cellersabate.com\/ca\/wp-json\/wp\/v2\/media\/2979"}],"wp:attachment":[{"href":"https:\/\/cellersabate.com\/ca\/wp-json\/wp\/v2\/media?parent=3652"}],"wp:term":[{"taxonomy":"category","embeddable":true,"href":"https:\/\/cellersabate.com\/ca\/wp-json\/wp\/v2\/categories?post=3652"},{"taxonomy":"post_tag","embeddable":true,"href":"https:\/\/cellersabate.com\/ca\/wp-json\/wp\/v2\/tags?post=3652"}],"curies":[{"name":"wp","href":"https:\/\/api.w.org\/{rel}","templated":true}]}}